{"id":3219,"date":"2020-02-14T15:39:00","date_gmt":"2020-02-14T14:39:00","guid":{"rendered":"https:\/\/www.konfeo.com\/pl\/?p=3219"},"modified":"2023-08-07T15:51:52","modified_gmt":"2023-08-07T13:51:52","slug":"konfeo-partnerem-ogolnopolskich-dni-uwaznosci-2020","status":"publish","type":"post","link":"https:\/\/www.konfeo.com\/pl\/blog\/konfeo-partnerem-ogolnopolskich-dni-uwaznosci-2020\/","title":{"rendered":"Konfeo partnerem Og\u00f3lnopolskich Dni Uwa\u017cno\u015bci 2020"},"content":{"rendered":"<p>Z wielk\u0105 przyjemno\u015bci\u0105 informujemy, \u017ce system Konfeo po raz kolejny wspiera\u0142 organizacj\u0119 Og\u00f3lnopolskich Dni Uwa\u017cno\u015bci. W ramach tegorocznej akcji zorganizowano <strong>47 wydarze\u0144<\/strong>\u00a0w\u00a0<strong>17 polskich miastach<\/strong>, w kt\u00f3rych wzi\u0119\u0142o udzia\u0142\u00a0<strong>oko\u0142o 800 os\u00f3b<\/strong>:<\/p>\n<p><img loading=\"lazy\" decoding=\"async\" class=\"aligncenter wp-image-4748 size-full\" src=\"https:\/\/www.konfeo.com\/pl\/wp-content\/uploads\/sites\/2\/2020\/02\/ODU2020-numbers-min.png\" alt=\"\" width=\"1455\" height=\"555\" srcset=\"https:\/\/www.konfeo.com\/pl\/wp-content\/uploads\/sites\/2\/2020\/02\/ODU2020-numbers-min.png 1455w, https:\/\/www.konfeo.com\/pl\/wp-content\/uploads\/sites\/2\/2020\/02\/ODU2020-numbers-min-300x114.png 300w, https:\/\/www.konfeo.com\/pl\/wp-content\/uploads\/sites\/2\/2020\/02\/ODU2020-numbers-min-1200x458.png 1200w, https:\/\/www.konfeo.com\/pl\/wp-content\/uploads\/sites\/2\/2020\/02\/ODU2020-numbers-min-768x293.png 768w\" sizes=\"auto, (max-width: 1455px) 100vw, 1455px\" \/><\/p>\n<p>System Konfeo umo\u017cliwi\u0142 organizatorom szybk\u0105 i \u0142atw\u0105 rejestracj\u0119 wydarze\u0144, uczestnikom p\u0142ynny spos\u00f3b rejestracji, a koordynatorom przedsi\u0119wzi\u0119cia u\u0142atwi\u0142 zarz\u0105dzanie ca\u0142o\u015bci\u0105 akcji. W ramach wsparcia dostarczyli\u015bmy widget w postaci\u00a0<strong>wyszukiwarki wydarze\u0144<\/strong>, kt\u00f3ry umo\u017cliwi\u0142 organizatorom publikowanie wydarze\u0144 na stronie Og\u00f3lnopolskich Dni Uwa\u017cno\u015bci.<\/p>\n<p style=\"text-align: center;\">***<\/p>\n<p><strong>Og\u00f3lnopolskie Dni Uwa\u017cno\u015bci, 27 stycznia\u20132 lutego 2020 r.<\/strong><\/p>\n<p>Wydarzenie ma na celu propagowanie uwa\u017cno\u015bci w codziennym \u017cyciu \u2013\u00a0<strong>osobistym, spo\u0142ecznym i zawodowym<\/strong>. Pomys\u0142odawc\u0105 i organizatorem jest <a href=\"https:\/\/www.fundacja-mindfulness.org\/\" target=\"_blank\" rel=\"noreferrer noopener\">Fundacja Rozwoju Mindfulness<\/a>.<\/p>\n<p>Dni uwa\u017cno\u015bci to og\u00f3lnopolska akcja, w ramach kt\u00f3rej w ca\u0142ej Polsce odbywaj\u0105 si\u0119 rozmaite\u00a0bezp\u0142atne\u00a0warsztaty, praktyki, prelekcje oraz spotkania informuj\u0105ce i propaguj\u0105ce uwa\u017cno\u015b\u0107 oraz rozwijanie \u017cyczliwo\u015bci i wsp\u00f3\u0142czucia w naszym codziennym \u017cyciu.<\/p>\n","protected":false},"excerpt":{"rendered":"<p>Z wielk\u0105 przyjemno\u015bci\u0105 informujemy, \u017ce system Konfeo po raz kolejny wspiera\u0142 organizacj\u0119 Og\u00f3lnopolskich Dni Uwa\u017cno\u015bci. W ramach tegorocznej akcji zorganizowano 47 wydarze\u0144\u00a0w\u00a017 polskich miastach, w kt\u00f3rych wzi\u0119\u0142o udzia\u0142\u00a0oko\u0142o 800 os\u00f3b: System Konfeo umo\u017cliwi\u0142 organizatorom szybk\u0105 i \u0142atw\u0105 rejestracj\u0119 wydarze\u0144, uczestnikom p\u0142ynny spos\u00f3b rejestracji, a koordynatorom przedsi\u0119wzi\u0119cia u\u0142atwi\u0142 zarz\u0105dzanie ca\u0142o\u015bci\u0105 akcji. W ramach wsparcia dostarczyli\u015bmy widget&hellip;&nbsp;<a href=\"https:\/\/www.konfeo.com\/pl\/blog\/konfeo-partnerem-ogolnopolskich-dni-uwaznosci-2020\/\" rel=\"bookmark\">Dowiedz si\u0119 wi\u0119cej &raquo;<span class=\"screen-reader-text\">Konfeo partnerem Og\u00f3lnopolskich Dni Uwa\u017cno\u015bci 2020<\/span><\/a><\/p>\n","protected":false},"author":3,"featured_media":4377,"comment_status":"closed","ping_status":"closed","sticky":false,"template":"","format":"standard","meta":{"inline_featured_image":false,"neve_meta_sidebar":"","neve_meta_container":"","neve_meta_enable_content_width":"","neve_meta_content_width":0,"neve_meta_title_alignment":"","neve_meta_author_avatar":"","neve_post_elements_order":"","neve_meta_disable_header":"","neve_meta_disable_footer":"","neve_meta_disable_title":"","footnotes":""},"categories":[21],"tags":[],"class_list":["post-3219","post","type-post","status-publish","format-standard","has-post-thumbnail","hentry","category-newsy"],"yoast_head":"<!-- This site is optimized with the Yoast SEO plugin v27.4 - https:\/\/yoast.com\/product\/yoast-seo-wordpress\/ -->\n<title>Konfeo partnerem Og\u00f3lnopolskich Dni Uwa\u017cno\u015bci 2020 - System rejestracji uczestnik\u00f3w | Konfeo<\/title>\n<meta name=\"robots\" content=\"index, follow, max-snippet:-1, max-image-preview:large, max-video-preview:-1\" \/>\n<link rel=\"canonical\" href=\"https:\/\/www.konfeo.com\/pl\/blog\/konfeo-partnerem-ogolnopolskich-dni-uwaznosci-2020\/\" \/>\n<meta property=\"og:locale\" content=\"pl_PL\" \/>\n<meta property=\"og:type\" content=\"article\" \/>\n<meta property=\"og:title\" content=\"Konfeo partnerem Og\u00f3lnopolskich Dni Uwa\u017cno\u015bci 2020 - System rejestracji uczestnik\u00f3w | Konfeo\" \/>\n<meta property=\"og:description\" content=\"Z wielk\u0105 przyjemno\u015bci\u0105 informujemy, \u017ce system Konfeo po raz kolejny wspiera\u0142 organizacj\u0119 Og\u00f3lnopolskich Dni Uwa\u017cno\u015bci. W ramach tegorocznej akcji zorganizowano 47 wydarze\u0144\u00a0w\u00a017 polskich miastach, w kt\u00f3rych wzi\u0119\u0142o udzia\u0142\u00a0oko\u0142o 800 os\u00f3b: System Konfeo umo\u017cliwi\u0142 organizatorom szybk\u0105 i \u0142atw\u0105 rejestracj\u0119 wydarze\u0144, uczestnikom p\u0142ynny spos\u00f3b rejestracji, a koordynatorom przedsi\u0119wzi\u0119cia u\u0142atwi\u0142 zarz\u0105dzanie ca\u0142o\u015bci\u0105 akcji. W ramach wsparcia dostarczyli\u015bmy widget&hellip;&nbsp;Dowiedz si\u0119 wi\u0119cej &raquo;Konfeo partnerem Og\u00f3lnopolskich Dni Uwa\u017cno\u015bci 2020\" \/>\n<meta property=\"og:url\" content=\"https:\/\/www.konfeo.com\/pl\/blog\/konfeo-partnerem-ogolnopolskich-dni-uwaznosci-2020\/\" \/>\n<meta property=\"og:site_name\" content=\"System rejestracji uczestnik\u00f3w | Konfeo\" \/>\n<meta property=\"article:publisher\" content=\"https:\/\/www.facebook.com\/Konfeo\" \/>\n<meta property=\"article:published_time\" content=\"2020-02-14T14:39:00+00:00\" \/>\n<meta property=\"article:modified_time\" content=\"2023-08-07T13:51:52+00:00\" \/>\n<meta property=\"og:image\" content=\"https:\/\/www.konfeo.com\/pl\/wp-content\/uploads\/sites\/2\/2020\/06\/Konfeo-ODU2020-min.png\" \/>\n\t<meta property=\"og:image:width\" content=\"1200\" \/>\n\t<meta property=\"og:image:height\" content=\"400\" \/>\n\t<meta property=\"og:image:type\" content=\"image\/png\" \/>\n<meta name=\"author\" content=\"piotr-lapinski\" \/>\n<meta name=\"twitter:card\" content=\"summary_large_image\" \/>\n<meta name=\"twitter:creator\" content=\"@konfeo\" \/>\n<meta name=\"twitter:site\" content=\"@konfeo\" \/>\n<meta name=\"twitter:label1\" content=\"Napisane przez\" \/>\n\t<meta name=\"twitter:data1\" content=\"piotr-lapinski\" \/>\n\t<meta name=\"twitter:label2\" content=\"Szacowany czas czytania\" \/>\n\t<meta name=\"twitter:data2\" content=\"2 minuty\" \/>\n<script type=\"application\/ld+json\" class=\"yoast-schema-graph\">{\"@context\":\"https:\\\/\\\/schema.org\",\"@graph\":[{\"@type\":\"Article\",\"@id\":\"https:\\\/\\\/www.konfeo.com\\\/pl\\\/blog\\\/konfeo-partnerem-ogolnopolskich-dni-uwaznosci-2020\\\/#article\",\"isPartOf\":{\"@id\":\"https:\\\/\\\/www.konfeo.com\\\/pl\\\/blog\\\/konfeo-partnerem-ogolnopolskich-dni-uwaznosci-2020\\\/\"},\"author\":{\"name\":\"piotr-lapinski\",\"@id\":\"https:\\\/\\\/www.konfeo.com\\\/pl\\\/#\\\/schema\\\/person\\\/45d8ddad0eaf2005067919873ffbee95\"},\"headline\":\"Konfeo partnerem Og\u00f3lnopolskich Dni Uwa\u017cno\u015bci 2020\",\"datePublished\":\"2020-02-14T14:39:00+00:00\",\"dateModified\":\"2023-08-07T13:51:52+00:00\",\"mainEntityOfPage\":{\"@id\":\"https:\\\/\\\/www.konfeo.com\\\/pl\\\/blog\\\/konfeo-partnerem-ogolnopolskich-dni-uwaznosci-2020\\\/\"},\"wordCount\":177,\"publisher\":{\"@id\":\"https:\\\/\\\/www.konfeo.com\\\/pl\\\/#organization\"},\"image\":{\"@id\":\"https:\\\/\\\/www.konfeo.com\\\/pl\\\/blog\\\/konfeo-partnerem-ogolnopolskich-dni-uwaznosci-2020\\\/#primaryimage\"},\"thumbnailUrl\":\"https:\\\/\\\/www.konfeo.com\\\/pl\\\/wp-content\\\/uploads\\\/sites\\\/2\\\/2020\\\/06\\\/Konfeo-ODU2020-min.png\",\"articleSection\":[\"Newsy\"],\"inLanguage\":\"pl-PL\"},{\"@type\":\"WebPage\",\"@id\":\"https:\\\/\\\/www.konfeo.com\\\/pl\\\/blog\\\/konfeo-partnerem-ogolnopolskich-dni-uwaznosci-2020\\\/\",\"url\":\"https:\\\/\\\/www.konfeo.com\\\/pl\\\/blog\\\/konfeo-partnerem-ogolnopolskich-dni-uwaznosci-2020\\\/\",\"name\":\"Konfeo partnerem Og\u00f3lnopolskich Dni Uwa\u017cno\u015bci 2020 - System rejestracji uczestnik\u00f3w | Konfeo\",\"isPartOf\":{\"@id\":\"https:\\\/\\\/www.konfeo.com\\\/pl\\\/#website\"},\"primaryImageOfPage\":{\"@id\":\"https:\\\/\\\/www.konfeo.com\\\/pl\\\/blog\\\/konfeo-partnerem-ogolnopolskich-dni-uwaznosci-2020\\\/#primaryimage\"},\"image\":{\"@id\":\"https:\\\/\\\/www.konfeo.com\\\/pl\\\/blog\\\/konfeo-partnerem-ogolnopolskich-dni-uwaznosci-2020\\\/#primaryimage\"},\"thumbnailUrl\":\"https:\\\/\\\/www.konfeo.com\\\/pl\\\/wp-content\\\/uploads\\\/sites\\\/2\\\/2020\\\/06\\\/Konfeo-ODU2020-min.png\",\"datePublished\":\"2020-02-14T14:39:00+00:00\",\"dateModified\":\"2023-08-07T13:51:52+00:00\",\"inLanguage\":\"pl-PL\",\"potentialAction\":[{\"@type\":\"ReadAction\",\"target\":[\"https:\\\/\\\/www.konfeo.com\\\/pl\\\/blog\\\/konfeo-partnerem-ogolnopolskich-dni-uwaznosci-2020\\\/\"]}]},{\"@type\":\"ImageObject\",\"inLanguage\":\"pl-PL\",\"@id\":\"https:\\\/\\\/www.konfeo.com\\\/pl\\\/blog\\\/konfeo-partnerem-ogolnopolskich-dni-uwaznosci-2020\\\/#primaryimage\",\"url\":\"https:\\\/\\\/www.konfeo.com\\\/pl\\\/wp-content\\\/uploads\\\/sites\\\/2\\\/2020\\\/06\\\/Konfeo-ODU2020-min.png\",\"contentUrl\":\"https:\\\/\\\/www.konfeo.com\\\/pl\\\/wp-content\\\/uploads\\\/sites\\\/2\\\/2020\\\/06\\\/Konfeo-ODU2020-min.png\",\"width\":1200,\"height\":400},{\"@type\":\"WebSite\",\"@id\":\"https:\\\/\\\/www.konfeo.com\\\/pl\\\/#website\",\"url\":\"https:\\\/\\\/www.konfeo.com\\\/pl\\\/\",\"name\":\"Najszybszy system rejestracji uczestnik\u00f3w\",\"description\":\"Oprogramowanie do sprzeda\u017cy bilet\u00f3w na konferencje i szkolenia\",\"publisher\":{\"@id\":\"https:\\\/\\\/www.konfeo.com\\\/pl\\\/#organization\"},\"potentialAction\":[{\"@type\":\"SearchAction\",\"target\":{\"@type\":\"EntryPoint\",\"urlTemplate\":\"https:\\\/\\\/www.konfeo.com\\\/pl\\\/?s={search_term_string}\"},\"query-input\":{\"@type\":\"PropertyValueSpecification\",\"valueRequired\":true,\"valueName\":\"search_term_string\"}}],\"inLanguage\":\"pl-PL\"},{\"@type\":\"Organization\",\"@id\":\"https:\\\/\\\/www.konfeo.com\\\/pl\\\/#organization\",\"name\":\"Konfeo\",\"url\":\"https:\\\/\\\/www.konfeo.com\\\/pl\\\/\",\"logo\":{\"@type\":\"ImageObject\",\"inLanguage\":\"pl-PL\",\"@id\":\"https:\\\/\\\/www.konfeo.com\\\/pl\\\/#\\\/schema\\\/logo\\\/image\\\/\",\"url\":\"https:\\\/\\\/www.konfeo.com\\\/pl\\\/wp-content\\\/uploads\\\/sites\\\/2\\\/2023\\\/04\\\/Konfeo-icon-min.png\",\"contentUrl\":\"https:\\\/\\\/www.konfeo.com\\\/pl\\\/wp-content\\\/uploads\\\/sites\\\/2\\\/2023\\\/04\\\/Konfeo-icon-min.png\",\"width\":595,\"height\":512,\"caption\":\"Konfeo\"},\"image\":{\"@id\":\"https:\\\/\\\/www.konfeo.com\\\/pl\\\/#\\\/schema\\\/logo\\\/image\\\/\"},\"sameAs\":[\"https:\\\/\\\/www.facebook.com\\\/Konfeo\",\"https:\\\/\\\/x.com\\\/konfeo\",\"https:\\\/\\\/www.linkedin.com\\\/company\\\/konfeo\"]},{\"@type\":\"Person\",\"@id\":\"https:\\\/\\\/www.konfeo.com\\\/pl\\\/#\\\/schema\\\/person\\\/45d8ddad0eaf2005067919873ffbee95\",\"name\":\"piotr-lapinski\",\"url\":\"https:\\\/\\\/www.konfeo.com\\\/pl\\\/blog\\\/author\\\/piotr-lapinski\\\/\"}]}<\/script>\n<!-- \/ Yoast SEO plugin. -->","yoast_head_json":{"title":"Konfeo partnerem Og\u00f3lnopolskich Dni Uwa\u017cno\u015bci 2020 - System rejestracji uczestnik\u00f3w | Konfeo","robots":{"index":"index","follow":"follow","max-snippet":"max-snippet:-1","max-image-preview":"max-image-preview:large","max-video-preview":"max-video-preview:-1"},"canonical":"https:\/\/www.konfeo.com\/pl\/blog\/konfeo-partnerem-ogolnopolskich-dni-uwaznosci-2020\/","og_locale":"pl_PL","og_type":"article","og_title":"Konfeo partnerem Og\u00f3lnopolskich Dni Uwa\u017cno\u015bci 2020 - System rejestracji uczestnik\u00f3w | Konfeo","og_description":"Z wielk\u0105 przyjemno\u015bci\u0105 informujemy, \u017ce system Konfeo po raz kolejny wspiera\u0142 organizacj\u0119 Og\u00f3lnopolskich Dni Uwa\u017cno\u015bci. W ramach tegorocznej akcji zorganizowano 47 wydarze\u0144\u00a0w\u00a017 polskich miastach, w kt\u00f3rych wzi\u0119\u0142o udzia\u0142\u00a0oko\u0142o 800 os\u00f3b: System Konfeo umo\u017cliwi\u0142 organizatorom szybk\u0105 i \u0142atw\u0105 rejestracj\u0119 wydarze\u0144, uczestnikom p\u0142ynny spos\u00f3b rejestracji, a koordynatorom przedsi\u0119wzi\u0119cia u\u0142atwi\u0142 zarz\u0105dzanie ca\u0142o\u015bci\u0105 akcji. W ramach wsparcia dostarczyli\u015bmy widget&hellip;&nbsp;Dowiedz si\u0119 wi\u0119cej &raquo;Konfeo partnerem Og\u00f3lnopolskich Dni Uwa\u017cno\u015bci 2020","og_url":"https:\/\/www.konfeo.com\/pl\/blog\/konfeo-partnerem-ogolnopolskich-dni-uwaznosci-2020\/","og_site_name":"System rejestracji uczestnik\u00f3w | Konfeo","article_publisher":"https:\/\/www.facebook.com\/Konfeo","article_published_time":"2020-02-14T14:39:00+00:00","article_modified_time":"2023-08-07T13:51:52+00:00","og_image":[{"width":1200,"height":400,"url":"https:\/\/www.konfeo.com\/pl\/wp-content\/uploads\/sites\/2\/2020\/06\/Konfeo-ODU2020-min.png","type":"image\/png"}],"author":"piotr-lapinski","twitter_card":"summary_large_image","twitter_creator":"@konfeo","twitter_site":"@konfeo","twitter_misc":{"Napisane przez":"piotr-lapinski","Szacowany czas czytania":"2 minuty"},"schema":{"@context":"https:\/\/schema.org","@graph":[{"@type":"Article","@id":"https:\/\/www.konfeo.com\/pl\/blog\/konfeo-partnerem-ogolnopolskich-dni-uwaznosci-2020\/#article","isPartOf":{"@id":"https:\/\/www.konfeo.com\/pl\/blog\/konfeo-partnerem-ogolnopolskich-dni-uwaznosci-2020\/"},"author":{"name":"piotr-lapinski","@id":"https:\/\/www.konfeo.com\/pl\/#\/schema\/person\/45d8ddad0eaf2005067919873ffbee95"},"headline":"Konfeo partnerem Og\u00f3lnopolskich Dni Uwa\u017cno\u015bci 2020","datePublished":"2020-02-14T14:39:00+00:00","dateModified":"2023-08-07T13:51:52+00:00","mainEntityOfPage":{"@id":"https:\/\/www.konfeo.com\/pl\/blog\/konfeo-partnerem-ogolnopolskich-dni-uwaznosci-2020\/"},"wordCount":177,"publisher":{"@id":"https:\/\/www.konfeo.com\/pl\/#organization"},"image":{"@id":"https:\/\/www.konfeo.com\/pl\/blog\/konfeo-partnerem-ogolnopolskich-dni-uwaznosci-2020\/#primaryimage"},"thumbnailUrl":"https:\/\/www.konfeo.com\/pl\/wp-content\/uploads\/sites\/2\/2020\/06\/Konfeo-ODU2020-min.png","articleSection":["Newsy"],"inLanguage":"pl-PL"},{"@type":"WebPage","@id":"https:\/\/www.konfeo.com\/pl\/blog\/konfeo-partnerem-ogolnopolskich-dni-uwaznosci-2020\/","url":"https:\/\/www.konfeo.com\/pl\/blog\/konfeo-partnerem-ogolnopolskich-dni-uwaznosci-2020\/","name":"Konfeo partnerem Og\u00f3lnopolskich Dni Uwa\u017cno\u015bci 2020 - System rejestracji uczestnik\u00f3w | Konfeo","isPartOf":{"@id":"https:\/\/www.konfeo.com\/pl\/#website"},"primaryImageOfPage":{"@id":"https:\/\/www.konfeo.com\/pl\/blog\/konfeo-partnerem-ogolnopolskich-dni-uwaznosci-2020\/#primaryimage"},"image":{"@id":"https:\/\/www.konfeo.com\/pl\/blog\/konfeo-partnerem-ogolnopolskich-dni-uwaznosci-2020\/#primaryimage"},"thumbnailUrl":"https:\/\/www.konfeo.com\/pl\/wp-content\/uploads\/sites\/2\/2020\/06\/Konfeo-ODU2020-min.png","datePublished":"2020-02-14T14:39:00+00:00","dateModified":"2023-08-07T13:51:52+00:00","inLanguage":"pl-PL","potentialAction":[{"@type":"ReadAction","target":["https:\/\/www.konfeo.com\/pl\/blog\/konfeo-partnerem-ogolnopolskich-dni-uwaznosci-2020\/"]}]},{"@type":"ImageObject","inLanguage":"pl-PL","@id":"https:\/\/www.konfeo.com\/pl\/blog\/konfeo-partnerem-ogolnopolskich-dni-uwaznosci-2020\/#primaryimage","url":"https:\/\/www.konfeo.com\/pl\/wp-content\/uploads\/sites\/2\/2020\/06\/Konfeo-ODU2020-min.png","contentUrl":"https:\/\/www.konfeo.com\/pl\/wp-content\/uploads\/sites\/2\/2020\/06\/Konfeo-ODU2020-min.png","width":1200,"height":400},{"@type":"WebSite","@id":"https:\/\/www.konfeo.com\/pl\/#website","url":"https:\/\/www.konfeo.com\/pl\/","name":"Najszybszy system rejestracji uczestnik\u00f3w","description":"Oprogramowanie do sprzeda\u017cy bilet\u00f3w na konferencje i szkolenia","publisher":{"@id":"https:\/\/www.konfeo.com\/pl\/#organization"},"potentialAction":[{"@type":"SearchAction","target":{"@type":"EntryPoint","urlTemplate":"https:\/\/www.konfeo.com\/pl\/?s={search_term_string}"},"query-input":{"@type":"PropertyValueSpecification","valueRequired":true,"valueName":"search_term_string"}}],"inLanguage":"pl-PL"},{"@type":"Organization","@id":"https:\/\/www.konfeo.com\/pl\/#organization","name":"Konfeo","url":"https:\/\/www.konfeo.com\/pl\/","logo":{"@type":"ImageObject","inLanguage":"pl-PL","@id":"https:\/\/www.konfeo.com\/pl\/#\/schema\/logo\/image\/","url":"https:\/\/www.konfeo.com\/pl\/wp-content\/uploads\/sites\/2\/2023\/04\/Konfeo-icon-min.png","contentUrl":"https:\/\/www.konfeo.com\/pl\/wp-content\/uploads\/sites\/2\/2023\/04\/Konfeo-icon-min.png","width":595,"height":512,"caption":"Konfeo"},"image":{"@id":"https:\/\/www.konfeo.com\/pl\/#\/schema\/logo\/image\/"},"sameAs":["https:\/\/www.facebook.com\/Konfeo","https:\/\/x.com\/konfeo","https:\/\/www.linkedin.com\/company\/konfeo"]},{"@type":"Person","@id":"https:\/\/www.konfeo.com\/pl\/#\/schema\/person\/45d8ddad0eaf2005067919873ffbee95","name":"piotr-lapinski","url":"https:\/\/www.konfeo.com\/pl\/blog\/author\/piotr-lapinski\/"}]}},"_links":{"self":[{"href":"https:\/\/www.konfeo.com\/pl\/wp-json\/wp\/v2\/posts\/3219","targetHints":{"allow":["GET"]}}],"collection":[{"href":"https:\/\/www.konfeo.com\/pl\/wp-json\/wp\/v2\/posts"}],"about":[{"href":"https:\/\/www.konfeo.com\/pl\/wp-json\/wp\/v2\/types\/post"}],"author":[{"embeddable":true,"href":"https:\/\/www.konfeo.com\/pl\/wp-json\/wp\/v2\/users\/3"}],"replies":[{"embeddable":true,"href":"https:\/\/www.konfeo.com\/pl\/wp-json\/wp\/v2\/comments?post=3219"}],"version-history":[{"count":0,"href":"https:\/\/www.konfeo.com\/pl\/wp-json\/wp\/v2\/posts\/3219\/revisions"}],"wp:featuredmedia":[{"embeddable":true,"href":"https:\/\/www.konfeo.com\/pl\/wp-json\/wp\/v2\/media\/4377"}],"wp:attachment":[{"href":"https:\/\/www.konfeo.com\/pl\/wp-json\/wp\/v2\/media?parent=3219"}],"wp:term":[{"taxonomy":"category","embeddable":true,"href":"https:\/\/www.konfeo.com\/pl\/wp-json\/wp\/v2\/categories?post=3219"},{"taxonomy":"post_tag","embeddable":true,"href":"https:\/\/www.konfeo.com\/pl\/wp-json\/wp\/v2\/tags?post=3219"}],"curies":[{"name":"wp","href":"https:\/\/api.w.org\/{rel}","templated":true}]}}