{"id":1793,"date":"2017-10-10T13:37:55","date_gmt":"2017-10-10T11:37:55","guid":{"rendered":"https:\/\/www.konfeo.com\/?p=1793"},"modified":"2023-06-26T16:09:04","modified_gmt":"2023-06-26T14:09:04","slug":"vat-dla-klientow-zagranicznych","status":"publish","type":"post","link":"https:\/\/www.konfeo.com\/pl\/blog\/vat-dla-klientow-zagranicznych\/","title":{"rendered":"VAT dla klient\u00f3w zagranicznych"},"content":{"rendered":"<p>Po dyskusji z naszymi organizatorami na temat naliczania podatku VAT dla klient\u00f3w zagranicznych postanowili\u015bmy opublikowa\u0107 ich podsumowanie. Us\u0142ugi szkoleniowe (w tym konferencje) prowadzone na rzecz podmiot\u00f3w zagranicznych podlegaj\u0105 pod <a href=\"http:\/\/ksiegowosc.infor.pl\/podatki\/vat\/ustawa\/694279,Ustawa-o-VAT-2017-Dzial-V-Miejsce-swiadczenia.html\" target=\"_blank\" rel=\"noopener noreferrer\">ustaw\u0119 o VAT<\/a>.<\/p>\n<p>Dwoma najwa\u017cniejszymi zapisami dla organizator\u00f3w wydarze\u0144 s\u0105:<\/p>\n<p><strong>Art. 28b.<\/strong><\/p>\n<p>1. <strong>Miejscem \u015bwiadczenia us\u0142ug<\/strong> w przypadku \u015bwiadczenia us\u0142ug <strong>na rzecz podatnika jest miejsce, w kt\u00f3rym<\/strong> podatnik b\u0119d\u0105cy us\u0142ugobiorc\u0105 <strong>posiada siedzib\u0119 dzia\u0142alno\u015bci gospodarczej<\/strong>, z zastrze\u017ceniem ust. 2\u20134 oraz art. 28e, art. 28f ust. 1 i 1a, art. 28g ust. 1, art. 28i, art. 28j ust. 1 i 2 oraz art. 28n.<\/p>\n<p><strong>Art. 28c.<\/strong><\/p>\n<p>1. <strong>Miejscem \u015bwiadczenia us\u0142ug na rzecz podmiot\u00f3w nieb\u0119d\u0105cych podatnikami<\/strong> jest miejsce, w kt\u00f3rym <strong>us\u0142ugodawca posiada siedzib\u0119 dzia\u0142alno\u015bci gospodarczej<\/strong>, z zastrze\u017ceniem ust. 2 i 3 oraz art. 28d, art. 28e, art. 28f ust. 1, 2 i 3, art. 28g ust. 2 i art. 28h\u201328n.<\/p>\n<p>W kontek\u015bcie us\u0142ug edukacyjnych nale\u017cy zwr\u00f3ci\u0107 r\u00f3wnie\u017c uwag\u0119 na art. 28g ust. 2 ustawy o VAT. Zgodnie z jego tre\u015bci\u0105 miejscem \u015bwiadczenia us\u0142ug w dziedzinie kultury, sztuki, sportu, nauki, edukacji, rozrywki oraz podobnych us\u0142ug, <strong>takich jak targi i wystawy<\/strong>, oraz us\u0142ug pomocniczych do tych us\u0142ug, w tym \u015bwiadczenia us\u0142ug przez organizator\u00f3w us\u0142ug w tych dziedzinach, \u015bwiadczonych na rzecz podmiot\u00f3w nieb\u0119d\u0105cych podatnikami,<strong> jest miejsce, w kt\u00f3rym ta dzia\u0142alno\u015b\u0107 faktycznie jest wykonywana<\/strong>.<\/p>\n<p>Powy\u017cszy akapit m\u00f3wi o us\u0142ugach w dziedzinie edukacji, kt\u00f3re <strong>przybieraj\u0105 form\u0119 targ\u00f3w albo wystaw<\/strong>, czyli s\u0105 skierowane do nieokre\u015blonej i nieograniczonej grupy uczestnik\u00f3w, kt\u00f3rzy powi\u0119kszaj\u0105 sw\u00f3j zas\u00f3b wiedzy poprzez samodzielne przyswajanie przygotowanych informacji, <strong>bez udzia\u0142u wyk\u0142adowc\u00f3w<\/strong>. Potwierdza to angielskie brzmienie art. 54 ust. 1 dyrektywy 2006\/112\/WE w sprawie wsp\u00f3lnego systemu podatku od warto\u015bci dodanej.<\/p>\n<p>Z takim rozumieniem przytoczonych przepis\u00f3w zgadzaj\u0105 si\u0119 r\u00f3wnie\u017c organy podatkowe. Przyk\u0142adem mo\u017ce by\u0107 interpretacja Izby Skarbowej w Katowicach z 18 maja 2011 r. (IBPP3\/443-122\/10\/KO), w kt\u00f3rej organ podatkowy stwierdzi\u0142, \u017ce miejscem \u015bwiadczenia us\u0142ug szkolenia nieobejmuj\u0105cych prawa wst\u0119pu w zamian za bilet lub op\u0142at\u0119, w tym op\u0142at w formie abonamentu, biletu okresowego lub op\u0142aty okresowej na te szkolenia, \u015bwiadczonych przez wnioskodawc\u0119 na rzecz podatnik\u00f3w, ustalane jest na zasadach og\u00f3lnych, wynikaj\u0105cych z art. 28b ustawy o VAT.<\/p>\n<p>Czyli po polsku:<\/p>\n<ul>\n<li>us\u0142ugi szkoleniowe i konferencje dla firm zagranicznych \u2013 odwrotne obci\u0105\u017cenie VAT;<\/li>\n<li>us\u0142ugi szkoleniowe i konferencje dla os\u00f3b fizycznych z zagranicy \u2013 VAT rozliczany w Polsce;<\/li>\n<li>biletowane targi i wystawy dla firm i os\u00f3b fizycznych z zagranicy \u2013&nbsp;VAT rozliczany w Polsce.<\/li>\n<\/ul>\n<p>W Konfeo mo\u017cesz zdecydowa\u0107 sam, jak rozlicza\u0107 VAT dla klient\u00f3w zagranicznych. <strong>Domy\u015blnie system wystawia faktury bez stosowania odwrotnego obci\u0105\u017cenia VAT<\/strong>, ale mo\u017cesz&nbsp;<strong>w\u0142\u0105czy\u0107 t\u0105 opcj\u0119<\/strong> (menu <strong>Wp\u0142aty \/ Faktury<\/strong>, zak\u0142adka <strong>Ustawienia<\/strong>).<\/p>\n<p>Wi\u0119cej tutaj:<\/p>\n<p>Portal Rzeczpospolita: <a href=\"http:\/\/www.rp.pl\/artykul\/1192674-VAT-od-szkolenia-dla-klienta-z-zagranicy.html#ap-1\" target=\"_blank\" rel=\"noopener noreferrer\">VAT od szkolenia dla klienta z zagranicy<\/a><br \/>\nPortal Infor.pl: <a href=\"http:\/\/ksiegowosc.infor.pl\/podatki\/vat\/rozliczenia-vat\/697455,Uslugi-organizacji-konferencji-rozliczenie-VAT.html\" target=\"_blank\" rel=\"noopener noreferrer\">Us\u0142ugi organizacji konferencji \u2013 rozliczenie VAT<\/a><\/p>\n<p><strong>Prezentowane informacje nie s\u0105 opini\u0105 profesjonalnego prawnika<\/strong> i nie stanowi\u0105 podstawy prawnej, na kt\u00f3r\u0105 mo\u017cna si\u0119 powo\u0142ywa\u0107. Naszym celem jest jedynie przybli\u017cenie organizatorom zagadnienia rozliczania VAT dla klient\u00f3w zagranicznych. W ka\u017cdym indywidualnym przypadku kluczowe jest okre\u015blenie, jaki typ wydarzenia organizujemy: biletowane targi i wystawy, konferencje z op\u0142at\u0105 rejestracyjn\u0105 czy te\u017c us\u0142ugi szkoleniowe. Odpowied\u017a na to pytanie pozwala okre\u015bli\u0107&nbsp;metod\u0119 rozliczania VAT.<\/p>\n","protected":false},"excerpt":{"rendered":"<p>Po dyskusji z naszymi organizatorami na temat naliczania podatku VAT dla klient\u00f3w zagranicznych postanowili\u015bmy opublikowa\u0107 ich podsumowanie. Us\u0142ugi szkoleniowe (w tym konferencje) prowadzone na rzecz podmiot\u00f3w zagranicznych podlegaj\u0105 pod ustaw\u0119 o VAT. Dwoma najwa\u017cniejszymi zapisami dla organizator\u00f3w wydarze\u0144 s\u0105: Art. 28b. 1. Miejscem \u015bwiadczenia us\u0142ug w przypadku \u015bwiadczenia us\u0142ug na rzecz podatnika jest miejsce, w&hellip;&nbsp;<a href=\"https:\/\/www.konfeo.com\/pl\/blog\/vat-dla-klientow-zagranicznych\/\" rel=\"bookmark\">Dowiedz si\u0119 wi\u0119cej &raquo;<span class=\"screen-reader-text\">VAT dla klient\u00f3w zagranicznych<\/span><\/a><\/p>\n","protected":false},"author":3,"featured_media":4459,"comment_status":"closed","ping_status":"open","sticky":false,"template":"","format":"standard","meta":{"inline_featured_image":false,"neve_meta_sidebar":"","neve_meta_container":"","neve_meta_enable_content_width":"","neve_meta_content_width":0,"neve_meta_title_alignment":"","neve_meta_author_avatar":"","neve_post_elements_order":"","neve_meta_disable_header":"","neve_meta_disable_footer":"","neve_meta_disable_title":"","footnotes":""},"categories":[22,23],"tags":[],"class_list":["post-1793","post","type-post","status-publish","format-standard","has-post-thumbnail","hentry","category-nowe-mozliwosci","category-porady"],"yoast_head":"<!-- This site is optimized with the Yoast SEO plugin v27.4 - https:\/\/yoast.com\/product\/yoast-seo-wordpress\/ -->\n<title>VAT dla klient\u00f3w zagranicznych - System rejestracji uczestnik\u00f3w | Konfeo<\/title>\n<meta name=\"robots\" content=\"index, follow, max-snippet:-1, max-image-preview:large, max-video-preview:-1\" \/>\n<link rel=\"canonical\" href=\"https:\/\/www.konfeo.com\/pl\/blog\/vat-dla-klientow-zagranicznych\/\" \/>\n<meta property=\"og:locale\" content=\"pl_PL\" \/>\n<meta property=\"og:type\" content=\"article\" \/>\n<meta property=\"og:title\" content=\"VAT dla klient\u00f3w zagranicznych - System rejestracji uczestnik\u00f3w | Konfeo\" \/>\n<meta property=\"og:description\" content=\"Po dyskusji z naszymi organizatorami na temat naliczania podatku VAT dla klient\u00f3w zagranicznych postanowili\u015bmy opublikowa\u0107 ich podsumowanie. Us\u0142ugi szkoleniowe (w tym konferencje) prowadzone na rzecz podmiot\u00f3w zagranicznych podlegaj\u0105 pod ustaw\u0119 o VAT. Dwoma najwa\u017cniejszymi zapisami dla organizator\u00f3w wydarze\u0144 s\u0105: Art. 28b. 1. Miejscem \u015bwiadczenia us\u0142ug w przypadku \u015bwiadczenia us\u0142ug na rzecz podatnika jest miejsce, w&hellip;&nbsp;Dowiedz si\u0119 wi\u0119cej &raquo;VAT dla klient\u00f3w zagranicznych\" \/>\n<meta property=\"og:url\" content=\"https:\/\/www.konfeo.com\/pl\/blog\/vat-dla-klientow-zagranicznych\/\" \/>\n<meta property=\"og:site_name\" content=\"System rejestracji uczestnik\u00f3w | Konfeo\" \/>\n<meta property=\"article:publisher\" content=\"https:\/\/www.facebook.com\/Konfeo\" \/>\n<meta property=\"article:published_time\" content=\"2017-10-10T11:37:55+00:00\" \/>\n<meta property=\"article:modified_time\" content=\"2023-06-26T14:09:04+00:00\" \/>\n<meta property=\"og:image\" content=\"https:\/\/www.konfeo.com\/pl\/wp-content\/uploads\/sites\/2\/2018\/08\/Konfeo-eu-flag-min.png\" \/>\n\t<meta property=\"og:image:width\" content=\"1200\" \/>\n\t<meta property=\"og:image:height\" content=\"400\" \/>\n\t<meta property=\"og:image:type\" content=\"image\/png\" \/>\n<meta name=\"author\" content=\"piotr-lapinski\" \/>\n<meta name=\"twitter:card\" content=\"summary_large_image\" \/>\n<meta name=\"twitter:creator\" content=\"@konfeo\" \/>\n<meta name=\"twitter:site\" content=\"@konfeo\" \/>\n<meta name=\"twitter:label1\" content=\"Napisane przez\" \/>\n\t<meta name=\"twitter:data1\" content=\"piotr-lapinski\" \/>\n\t<meta name=\"twitter:label2\" content=\"Szacowany czas czytania\" \/>\n\t<meta name=\"twitter:data2\" content=\"3 minuty\" \/>\n<script type=\"application\/ld+json\" class=\"yoast-schema-graph\">{\"@context\":\"https:\\\/\\\/schema.org\",\"@graph\":[{\"@type\":\"Article\",\"@id\":\"https:\\\/\\\/www.konfeo.com\\\/pl\\\/blog\\\/vat-dla-klientow-zagranicznych\\\/#article\",\"isPartOf\":{\"@id\":\"https:\\\/\\\/www.konfeo.com\\\/pl\\\/blog\\\/vat-dla-klientow-zagranicznych\\\/\"},\"author\":{\"name\":\"piotr-lapinski\",\"@id\":\"https:\\\/\\\/www.konfeo.com\\\/pl\\\/#\\\/schema\\\/person\\\/45d8ddad0eaf2005067919873ffbee95\"},\"headline\":\"VAT dla klient\u00f3w zagranicznych\",\"datePublished\":\"2017-10-10T11:37:55+00:00\",\"dateModified\":\"2023-06-26T14:09:04+00:00\",\"mainEntityOfPage\":{\"@id\":\"https:\\\/\\\/www.konfeo.com\\\/pl\\\/blog\\\/vat-dla-klientow-zagranicznych\\\/\"},\"wordCount\":576,\"publisher\":{\"@id\":\"https:\\\/\\\/www.konfeo.com\\\/pl\\\/#organization\"},\"image\":{\"@id\":\"https:\\\/\\\/www.konfeo.com\\\/pl\\\/blog\\\/vat-dla-klientow-zagranicznych\\\/#primaryimage\"},\"thumbnailUrl\":\"https:\\\/\\\/www.konfeo.com\\\/pl\\\/wp-content\\\/uploads\\\/sites\\\/2\\\/2018\\\/08\\\/Konfeo-eu-flag-min.png\",\"articleSection\":[\"Nowe mo\u017cliwo\u015bci\",\"Porady\"],\"inLanguage\":\"pl-PL\"},{\"@type\":\"WebPage\",\"@id\":\"https:\\\/\\\/www.konfeo.com\\\/pl\\\/blog\\\/vat-dla-klientow-zagranicznych\\\/\",\"url\":\"https:\\\/\\\/www.konfeo.com\\\/pl\\\/blog\\\/vat-dla-klientow-zagranicznych\\\/\",\"name\":\"VAT dla klient\u00f3w zagranicznych - System rejestracji uczestnik\u00f3w | Konfeo\",\"isPartOf\":{\"@id\":\"https:\\\/\\\/www.konfeo.com\\\/pl\\\/#website\"},\"primaryImageOfPage\":{\"@id\":\"https:\\\/\\\/www.konfeo.com\\\/pl\\\/blog\\\/vat-dla-klientow-zagranicznych\\\/#primaryimage\"},\"image\":{\"@id\":\"https:\\\/\\\/www.konfeo.com\\\/pl\\\/blog\\\/vat-dla-klientow-zagranicznych\\\/#primaryimage\"},\"thumbnailUrl\":\"https:\\\/\\\/www.konfeo.com\\\/pl\\\/wp-content\\\/uploads\\\/sites\\\/2\\\/2018\\\/08\\\/Konfeo-eu-flag-min.png\",\"datePublished\":\"2017-10-10T11:37:55+00:00\",\"dateModified\":\"2023-06-26T14:09:04+00:00\",\"inLanguage\":\"pl-PL\",\"potentialAction\":[{\"@type\":\"ReadAction\",\"target\":[\"https:\\\/\\\/www.konfeo.com\\\/pl\\\/blog\\\/vat-dla-klientow-zagranicznych\\\/\"]}]},{\"@type\":\"ImageObject\",\"inLanguage\":\"pl-PL\",\"@id\":\"https:\\\/\\\/www.konfeo.com\\\/pl\\\/blog\\\/vat-dla-klientow-zagranicznych\\\/#primaryimage\",\"url\":\"https:\\\/\\\/www.konfeo.com\\\/pl\\\/wp-content\\\/uploads\\\/sites\\\/2\\\/2018\\\/08\\\/Konfeo-eu-flag-min.png\",\"contentUrl\":\"https:\\\/\\\/www.konfeo.com\\\/pl\\\/wp-content\\\/uploads\\\/sites\\\/2\\\/2018\\\/08\\\/Konfeo-eu-flag-min.png\",\"width\":1200,\"height\":400},{\"@type\":\"WebSite\",\"@id\":\"https:\\\/\\\/www.konfeo.com\\\/pl\\\/#website\",\"url\":\"https:\\\/\\\/www.konfeo.com\\\/pl\\\/\",\"name\":\"Najszybszy system rejestracji uczestnik\u00f3w\",\"description\":\"Oprogramowanie do sprzeda\u017cy bilet\u00f3w na konferencje i szkolenia\",\"publisher\":{\"@id\":\"https:\\\/\\\/www.konfeo.com\\\/pl\\\/#organization\"},\"potentialAction\":[{\"@type\":\"SearchAction\",\"target\":{\"@type\":\"EntryPoint\",\"urlTemplate\":\"https:\\\/\\\/www.konfeo.com\\\/pl\\\/?s={search_term_string}\"},\"query-input\":{\"@type\":\"PropertyValueSpecification\",\"valueRequired\":true,\"valueName\":\"search_term_string\"}}],\"inLanguage\":\"pl-PL\"},{\"@type\":\"Organization\",\"@id\":\"https:\\\/\\\/www.konfeo.com\\\/pl\\\/#organization\",\"name\":\"Konfeo\",\"url\":\"https:\\\/\\\/www.konfeo.com\\\/pl\\\/\",\"logo\":{\"@type\":\"ImageObject\",\"inLanguage\":\"pl-PL\",\"@id\":\"https:\\\/\\\/www.konfeo.com\\\/pl\\\/#\\\/schema\\\/logo\\\/image\\\/\",\"url\":\"https:\\\/\\\/www.konfeo.com\\\/pl\\\/wp-content\\\/uploads\\\/sites\\\/2\\\/2023\\\/04\\\/Konfeo-icon-min.png\",\"contentUrl\":\"https:\\\/\\\/www.konfeo.com\\\/pl\\\/wp-content\\\/uploads\\\/sites\\\/2\\\/2023\\\/04\\\/Konfeo-icon-min.png\",\"width\":595,\"height\":512,\"caption\":\"Konfeo\"},\"image\":{\"@id\":\"https:\\\/\\\/www.konfeo.com\\\/pl\\\/#\\\/schema\\\/logo\\\/image\\\/\"},\"sameAs\":[\"https:\\\/\\\/www.facebook.com\\\/Konfeo\",\"https:\\\/\\\/x.com\\\/konfeo\",\"https:\\\/\\\/www.linkedin.com\\\/company\\\/konfeo\"]},{\"@type\":\"Person\",\"@id\":\"https:\\\/\\\/www.konfeo.com\\\/pl\\\/#\\\/schema\\\/person\\\/45d8ddad0eaf2005067919873ffbee95\",\"name\":\"piotr-lapinski\",\"url\":\"https:\\\/\\\/www.konfeo.com\\\/pl\\\/blog\\\/author\\\/piotr-lapinski\\\/\"}]}<\/script>\n<!-- \/ Yoast SEO plugin. -->","yoast_head_json":{"title":"VAT dla klient\u00f3w zagranicznych - System rejestracji uczestnik\u00f3w | Konfeo","robots":{"index":"index","follow":"follow","max-snippet":"max-snippet:-1","max-image-preview":"max-image-preview:large","max-video-preview":"max-video-preview:-1"},"canonical":"https:\/\/www.konfeo.com\/pl\/blog\/vat-dla-klientow-zagranicznych\/","og_locale":"pl_PL","og_type":"article","og_title":"VAT dla klient\u00f3w zagranicznych - System rejestracji uczestnik\u00f3w | Konfeo","og_description":"Po dyskusji z naszymi organizatorami na temat naliczania podatku VAT dla klient\u00f3w zagranicznych postanowili\u015bmy opublikowa\u0107 ich podsumowanie. Us\u0142ugi szkoleniowe (w tym konferencje) prowadzone na rzecz podmiot\u00f3w zagranicznych podlegaj\u0105 pod ustaw\u0119 o VAT. Dwoma najwa\u017cniejszymi zapisami dla organizator\u00f3w wydarze\u0144 s\u0105: Art. 28b. 1. Miejscem \u015bwiadczenia us\u0142ug w przypadku \u015bwiadczenia us\u0142ug na rzecz podatnika jest miejsce, w&hellip;&nbsp;Dowiedz si\u0119 wi\u0119cej &raquo;VAT dla klient\u00f3w zagranicznych","og_url":"https:\/\/www.konfeo.com\/pl\/blog\/vat-dla-klientow-zagranicznych\/","og_site_name":"System rejestracji uczestnik\u00f3w | Konfeo","article_publisher":"https:\/\/www.facebook.com\/Konfeo","article_published_time":"2017-10-10T11:37:55+00:00","article_modified_time":"2023-06-26T14:09:04+00:00","og_image":[{"width":1200,"height":400,"url":"https:\/\/www.konfeo.com\/pl\/wp-content\/uploads\/sites\/2\/2018\/08\/Konfeo-eu-flag-min.png","type":"image\/png"}],"author":"piotr-lapinski","twitter_card":"summary_large_image","twitter_creator":"@konfeo","twitter_site":"@konfeo","twitter_misc":{"Napisane przez":"piotr-lapinski","Szacowany czas czytania":"3 minuty"},"schema":{"@context":"https:\/\/schema.org","@graph":[{"@type":"Article","@id":"https:\/\/www.konfeo.com\/pl\/blog\/vat-dla-klientow-zagranicznych\/#article","isPartOf":{"@id":"https:\/\/www.konfeo.com\/pl\/blog\/vat-dla-klientow-zagranicznych\/"},"author":{"name":"piotr-lapinski","@id":"https:\/\/www.konfeo.com\/pl\/#\/schema\/person\/45d8ddad0eaf2005067919873ffbee95"},"headline":"VAT dla klient\u00f3w zagranicznych","datePublished":"2017-10-10T11:37:55+00:00","dateModified":"2023-06-26T14:09:04+00:00","mainEntityOfPage":{"@id":"https:\/\/www.konfeo.com\/pl\/blog\/vat-dla-klientow-zagranicznych\/"},"wordCount":576,"publisher":{"@id":"https:\/\/www.konfeo.com\/pl\/#organization"},"image":{"@id":"https:\/\/www.konfeo.com\/pl\/blog\/vat-dla-klientow-zagranicznych\/#primaryimage"},"thumbnailUrl":"https:\/\/www.konfeo.com\/pl\/wp-content\/uploads\/sites\/2\/2018\/08\/Konfeo-eu-flag-min.png","articleSection":["Nowe mo\u017cliwo\u015bci","Porady"],"inLanguage":"pl-PL"},{"@type":"WebPage","@id":"https:\/\/www.konfeo.com\/pl\/blog\/vat-dla-klientow-zagranicznych\/","url":"https:\/\/www.konfeo.com\/pl\/blog\/vat-dla-klientow-zagranicznych\/","name":"VAT dla klient\u00f3w zagranicznych - System rejestracji uczestnik\u00f3w | Konfeo","isPartOf":{"@id":"https:\/\/www.konfeo.com\/pl\/#website"},"primaryImageOfPage":{"@id":"https:\/\/www.konfeo.com\/pl\/blog\/vat-dla-klientow-zagranicznych\/#primaryimage"},"image":{"@id":"https:\/\/www.konfeo.com\/pl\/blog\/vat-dla-klientow-zagranicznych\/#primaryimage"},"thumbnailUrl":"https:\/\/www.konfeo.com\/pl\/wp-content\/uploads\/sites\/2\/2018\/08\/Konfeo-eu-flag-min.png","datePublished":"2017-10-10T11:37:55+00:00","dateModified":"2023-06-26T14:09:04+00:00","inLanguage":"pl-PL","potentialAction":[{"@type":"ReadAction","target":["https:\/\/www.konfeo.com\/pl\/blog\/vat-dla-klientow-zagranicznych\/"]}]},{"@type":"ImageObject","inLanguage":"pl-PL","@id":"https:\/\/www.konfeo.com\/pl\/blog\/vat-dla-klientow-zagranicznych\/#primaryimage","url":"https:\/\/www.konfeo.com\/pl\/wp-content\/uploads\/sites\/2\/2018\/08\/Konfeo-eu-flag-min.png","contentUrl":"https:\/\/www.konfeo.com\/pl\/wp-content\/uploads\/sites\/2\/2018\/08\/Konfeo-eu-flag-min.png","width":1200,"height":400},{"@type":"WebSite","@id":"https:\/\/www.konfeo.com\/pl\/#website","url":"https:\/\/www.konfeo.com\/pl\/","name":"Najszybszy system rejestracji uczestnik\u00f3w","description":"Oprogramowanie do sprzeda\u017cy bilet\u00f3w na konferencje i szkolenia","publisher":{"@id":"https:\/\/www.konfeo.com\/pl\/#organization"},"potentialAction":[{"@type":"SearchAction","target":{"@type":"EntryPoint","urlTemplate":"https:\/\/www.konfeo.com\/pl\/?s={search_term_string}"},"query-input":{"@type":"PropertyValueSpecification","valueRequired":true,"valueName":"search_term_string"}}],"inLanguage":"pl-PL"},{"@type":"Organization","@id":"https:\/\/www.konfeo.com\/pl\/#organization","name":"Konfeo","url":"https:\/\/www.konfeo.com\/pl\/","logo":{"@type":"ImageObject","inLanguage":"pl-PL","@id":"https:\/\/www.konfeo.com\/pl\/#\/schema\/logo\/image\/","url":"https:\/\/www.konfeo.com\/pl\/wp-content\/uploads\/sites\/2\/2023\/04\/Konfeo-icon-min.png","contentUrl":"https:\/\/www.konfeo.com\/pl\/wp-content\/uploads\/sites\/2\/2023\/04\/Konfeo-icon-min.png","width":595,"height":512,"caption":"Konfeo"},"image":{"@id":"https:\/\/www.konfeo.com\/pl\/#\/schema\/logo\/image\/"},"sameAs":["https:\/\/www.facebook.com\/Konfeo","https:\/\/x.com\/konfeo","https:\/\/www.linkedin.com\/company\/konfeo"]},{"@type":"Person","@id":"https:\/\/www.konfeo.com\/pl\/#\/schema\/person\/45d8ddad0eaf2005067919873ffbee95","name":"piotr-lapinski","url":"https:\/\/www.konfeo.com\/pl\/blog\/author\/piotr-lapinski\/"}]}},"_links":{"self":[{"href":"https:\/\/www.konfeo.com\/pl\/wp-json\/wp\/v2\/posts\/1793","targetHints":{"allow":["GET"]}}],"collection":[{"href":"https:\/\/www.konfeo.com\/pl\/wp-json\/wp\/v2\/posts"}],"about":[{"href":"https:\/\/www.konfeo.com\/pl\/wp-json\/wp\/v2\/types\/post"}],"author":[{"embeddable":true,"href":"https:\/\/www.konfeo.com\/pl\/wp-json\/wp\/v2\/users\/3"}],"replies":[{"embeddable":true,"href":"https:\/\/www.konfeo.com\/pl\/wp-json\/wp\/v2\/comments?post=1793"}],"version-history":[{"count":0,"href":"https:\/\/www.konfeo.com\/pl\/wp-json\/wp\/v2\/posts\/1793\/revisions"}],"wp:featuredmedia":[{"embeddable":true,"href":"https:\/\/www.konfeo.com\/pl\/wp-json\/wp\/v2\/media\/4459"}],"wp:attachment":[{"href":"https:\/\/www.konfeo.com\/pl\/wp-json\/wp\/v2\/media?parent=1793"}],"wp:term":[{"taxonomy":"category","embeddable":true,"href":"https:\/\/www.konfeo.com\/pl\/wp-json\/wp\/v2\/categories?post=1793"},{"taxonomy":"post_tag","embeddable":true,"href":"https:\/\/www.konfeo.com\/pl\/wp-json\/wp\/v2\/tags?post=1793"}],"curies":[{"name":"wp","href":"https:\/\/api.w.org\/{rel}","templated":true}]}}